{"id":33,"date":"2026-04-23T16:34:48","date_gmt":"2026-04-23T16:34:48","guid":{"rendered":"https:\/\/example.com\/mogens-jacobsen\/"},"modified":"2026-04-27T04:58:51","modified_gmt":"2026-04-27T04:58:51","slug":"mogens-jacobsen","status":"publish","type":"post","link":"https:\/\/vol2.arthitecture.art\/index.php\/2026\/04\/23\/mogens-jacobsen\/","title":{"rendered":"Mogens Jacobsen"},"content":{"rendered":"\t\t<div data-elementor-type=\"wp-post\" data-elementor-id=\"33\" class=\"elementor elementor-33\" data-elementor-post-type=\"post\">\n\t\t\t\t<div class=\"elementor-element elementor-element-7811ab4a e-flex e-con-boxed e-con e-parent\" data-id=\"7811ab4a\" data-element_type=\"container\" data-e-type=\"container\" data-settings=\"{&quot;background_background&quot;:&quot;slideshow&quot;,&quot;background_slideshow_gallery&quot;:[{&quot;id&quot;:443,&quot;url&quot;:&quot;https:\\\/\\\/vol2.arthitecture.art\\\/wp-content\\\/uploads\\\/2026\\\/04\\\/20250509_143750-scaled.png&quot;},{&quot;id&quot;:442,&quot;url&quot;:&quot;https:\\\/\\\/vol2.arthitecture.art\\\/wp-content\\\/uploads\\\/2026\\\/04\\\/20250507_142505-scaled.png&quot;}],&quot;background_slideshow_loop&quot;:&quot;yes&quot;,&quot;background_slideshow_slide_duration&quot;:5000,&quot;background_slideshow_slide_transition&quot;:&quot;fade&quot;,&quot;background_slideshow_transition_duration&quot;:500}\">\n\t\t\t\t\t<div class=\"e-con-inner\">\n\t\t\t\t<div class=\"elementor-element elementor-element-643cb91 elementor-widget elementor-widget-spacer\" data-id=\"643cb91\" data-element_type=\"widget\" data-e-type=\"widget\" data-widget_type=\"spacer.default\">\n\t\t\t\t\t\t\t<div class=\"elementor-spacer\">\n\t\t\t<div class=\"elementor-spacer-inner\"><\/div>\n\t\t<\/div>\n\t\t\t\t\t\t<\/div>\n\t\t\t\t\t<\/div>\n\t\t\t\t<\/div>\n\t\t<div class=\"elementor-element elementor-element-282eed7e e-flex e-con-boxed e-con e-parent\" data-id=\"282eed7e\" data-element_type=\"container\" data-e-type=\"container\" data-settings=\"{&quot;background_background&quot;:&quot;classic&quot;}\">\n\t\t\t\t\t<div class=\"e-con-inner\">\n\t\t<div class=\"elementor-element elementor-element-319bb9de e-con-full e-flex e-con e-child\" data-id=\"319bb9de\" data-element_type=\"container\" data-e-type=\"container\">\n\t\t<div class=\"elementor-element elementor-element-3738b673 e-con-full e-flex e-con e-child\" data-id=\"3738b673\" data-element_type=\"container\" data-e-type=\"container\">\n\t\t\t\t<div class=\"elementor-element elementor-element-9f84298 elementor-widget elementor-widget-heading\" data-id=\"9f84298\" data-element_type=\"widget\" data-e-type=\"widget\" data-widget_type=\"heading.default\">\n\t\t\t\t\t<h2 class=\"elementor-heading-title elementor-size-default\">Mogens Jacobsen<\/h2>\t\t\t\t<\/div>\n\t\t\t\t<div class=\"elementor-element elementor-element-9a20246 elementor-widget elementor-widget-text-editor\" data-id=\"9a20246\" data-element_type=\"widget\" data-e-type=\"widget\" data-widget_type=\"text-editor.default\">\n\t\t\t\t\t\t\t\t\t<p><span style=\"font-weight: 400; font-size: 18pt;\">Mirapolis<\/span><\/p><p><span style=\"font-weight: 400;\">I installationen &#8220;<\/span><b>Mirapolis<\/b><span style=\"font-weight: 400;\">&#8221; opl\u00f8ses skellet mellem beskuer og v\u00e6rk. P\u00e5 en dekonstrueret sk\u00e6rm vises en video af et genereret bybillede.<\/span><\/p><p><span style=\"font-weight: 400;\">Videoen reflekteres og brydes gennem semitransparente spejle, hvilket skaber et dynamisk samspil mellem lys og skygge, der udfordrer vores vante opfattelse af rum.\u00a0<\/span><\/p><p><span style=\"font-weight: 400;\">G\u00e6sternes spejlbilleder flettes sammen med den kunstige arkitektur og skaber et spil mellem det, der er, og det, der kun synes at v\u00e6re. Der opst\u00e5r en stille meditation over rummets potentiale: Hvordan engagerer vi os i vores omgivelser, n\u00e5r omgivelserne begynder at se tilbage p\u00e5 os?<\/span><\/p><p><span style=\"font-weight: 400;\">\u00a0<\/span><\/p><p><span style=\"font-weight: 400;\">\u00a0&#8212;<\/span><\/p><p data-start=\"0\" data-end=\"120\"><em>Mirapolis passer ind i ARThitecture, fordi det konkret unders\u00f8ger, hvad et rum er \u2013 og hvorn\u00e5r det bliver til.<\/em><\/p><p data-start=\"122\" data-end=\"322\"><em>V\u00e6rket tager udgangspunkt i et byrum, men opl\u00f8ser det gennem spejlinger og lag. Det g\u00f8r arkitektur til noget ustabilt, som ikke bare er bygget, men hele tiden forandres af lys, materiale og bev\u00e6gelse.<\/em><\/p><p data-start=\"324\" data-end=\"513\"><em>Samtidig tr\u00e6kkes beskueren ind i v\u00e6rket. Kroppen spejles og bliver en del af det rum, man oplever. Dermed opst\u00e5r rummet ikke som en fast st\u00f8rrelse, men i relationen mellem v\u00e6rk og menneske.<\/em><\/p><p data-start=\"515\" data-end=\"684\" data-is-last-node=\"\" data-is-only-node=\"\"><em>Det er netop det, ARThitecture kredser om: at arkitektur ikke kun er noget, vi g\u00e5r ind i \u2013 men noget, der opst\u00e5r i m\u00f8det mellem det fysiske, det visuelle og det sansede.<\/em><\/p>\t\t\t\t\t\t\t\t<\/div>\n\t\t\t\t<div class=\"elementor-element elementor-element-3d8e9471 elementor-widget elementor-widget-n-accordion\" data-id=\"3d8e9471\" data-element_type=\"widget\" data-e-type=\"widget\" data-settings=\"{&quot;default_state&quot;:&quot;expanded&quot;,&quot;max_items_expended&quot;:&quot;one&quot;,&quot;n_accordion_animation_duration&quot;:{&quot;unit&quot;:&quot;ms&quot;,&quot;size&quot;:400,&quot;sizes&quot;:[]}}\" data-widget_type=\"nested-accordion.default\">\n\t\t\t\t\t\t\t<div class=\"e-n-accordion\" aria-label=\"Accordion. Open links with Enter or Space, close with Escape, and navigate with Arrow Keys\">\n\t\t\t\t\t\t<details id=\"e-n-accordion-item-1030\" class=\"e-n-accordion-item\" open>\n\t\t\t\t<summary class=\"e-n-accordion-item-title\" data-accordion-index=\"1\" tabindex=\"0\" aria-expanded=\"true\" aria-controls=\"e-n-accordion-item-1030\" >\n\t\t\t\t\t<span class='e-n-accordion-item-title-header'><div class=\"e-n-accordion-item-title-text\"> Om Mogens Jacobsen <\/div><\/span>\n\t\t\t\t\t\t\t<span class='e-n-accordion-item-title-icon'>\n\t\t\t<span class='e-opened' ><svg aria-hidden=\"true\" class=\"e-font-icon-svg e-far-arrow-alt-circle-down\" viewBox=\"0 0 512 512\" xmlns=\"http:\/\/www.w3.org\/2000\/svg\"><path d=\"M256 8C119 8 8 119 8 256s111 248 248 248 248-111 248-248S393 8 256 8zm0 448c-110.5 0-200-89.5-200-200S145.5 56 256 56s200 89.5 200 200-89.5 200-200 200zm-32-316v116h-67c-10.7 0-16 12.9-8.5 20.5l99 99c4.7 4.7 12.3 4.7 17 0l99-99c7.6-7.6 2.2-20.5-8.5-20.5h-67V140c0-6.6-5.4-12-12-12h-40c-6.6 0-12 5.4-12 12z\"><\/path><\/svg><\/span>\n\t\t\t<span class='e-closed'><svg aria-hidden=\"true\" class=\"e-font-icon-svg e-far-arrow-alt-circle-right\" viewBox=\"0 0 512 512\" xmlns=\"http:\/\/www.w3.org\/2000\/svg\"><path d=\"M504 256C504 119 393 8 256 8S8 119 8 256s111 248 248 248 248-111 248-248zm-448 0c0-110.5 89.5-200 200-200s200 89.5 200 200-89.5 200-200 200S56 366.5 56 256zm72 20v-40c0-6.6 5.4-12 12-12h116v-67c0-10.7 12.9-16 20.5-8.5l99 99c4.7 4.7 4.7 12.3 0 17l-99 99c-7.6 7.6-20.5 2.2-20.5-8.5v-67H140c-6.6 0-12-5.4-12-12z\"><\/path><\/svg><\/span>\n\t\t<\/span>\n\n\t\t\t\t\t\t<\/summary>\n\t\t\t\t<div role=\"region\" aria-labelledby=\"e-n-accordion-item-1030\" class=\"elementor-element elementor-element-1ea99e5 e-con-full e-flex e-con e-child\" data-id=\"1ea99e5\" data-element_type=\"container\" data-e-type=\"container\" data-settings=\"{&quot;background_background&quot;:&quot;classic&quot;}\">\n\t\t\t\t\t\t\t\n\t\t<img class=\"e-image-base \" \n\t\t\t\t\tdata-interaction-id=\"b8f6f6f\" \n\t\t \n\t\t data-e-type=\"widget\" data-id=\"b8f6f6f\"\n\t\t\t\t\t\t\t\t\tid=\"446\"\n\t\t\t\t\t\t\t\t\t\t\t\tsrc=\"https:\/\/vol2.arthitecture.art\/wp-content\/uploads\/2026\/04\/mogensjacobsen_2025.png\"\n\t\t\t\t\t\t\t\t\t\t\t\twidth=\"896\"\n\t\t\t\t\t\t\t\t\t\t\t\theight=\"1152\"\n\t\t\t\t\t\t\t\t\t\t\t\tsrcset=\"https:\/\/vol2.arthitecture.art\/wp-content\/uploads\/2026\/04\/mogensjacobsen_2025.png 896w, https:\/\/vol2.arthitecture.art\/wp-content\/uploads\/2026\/04\/mogensjacobsen_2025-233x300.png 233w, https:\/\/vol2.arthitecture.art\/wp-content\/uploads\/2026\/04\/mogensjacobsen_2025-796x1024.png 796w, https:\/\/vol2.arthitecture.art\/wp-content\/uploads\/2026\/04\/mogensjacobsen_2025-768x987.png 768w\"\n\t\t\t\t\t\t\t\t\t\t\t\talt=\"\"\n\t\t\t\t\t\t\/>\n\t\t\t\t\t<div class=\"elementor-element elementor-element-12c8fc02 elementor-widget elementor-widget-text-editor\" data-id=\"12c8fc02\" data-element_type=\"widget\" data-e-type=\"widget\" data-widget_type=\"text-editor.default\">\n\t\t\t\t\t\t\t\t\t<p><span style=\"font-weight: 400; font-size: 18pt;\">Mogens Jacobsen<\/span><\/p><p><a href=\"http:\/\/www.mogensjacobsen.dk\/\"><span style=\"font-weight: 400;\">www.mogensjacobsen.dk<\/span><\/a><\/p><p><span style=\"font-weight: 400;\">Mogens Jacobsen, kunstner, har arbejdet med digital kunst, objekter og installationer siden begyndelsen af 90&#8217;erne, og han er en af pionererne inden for dansk internetkunst. I 1992 var han medstifter af det danske netkunst-kollektiv &#8220;Artnode&#8221;.<\/span><\/p><p><span style=\"font-weight: 400;\">Hans v\u00e6rker fokuserer p\u00e5 den temporale og materielle \u00e6stetik i systemer, processer, instruktioner og kode. V\u00e6rkerne tager ofte form af maskiner eller apparater, der kritisk og humoristisk unders\u00f8ger teknologien og vores hverdagsliv med den.<\/span><\/p><p><span style=\"font-weight: 400;\">Mogens\u2019 v\u00e6rker har v\u00e6ret udstillet p\u00e5 adskillige nationale og internationale udstillingssteder, blandt andet Media Art Festival i Japan, FILE i Brasilien, ZKM i Tyskland, Transmedialen i Tyskland og Ars Electronica i \u00d8strig.\u00a0<\/span><\/p><p><b>Udvalgte udstillinger<\/b><\/p><p><span style=\"font-weight: 400;\">2025<\/span> <span style=\"font-weight: 400;\">Udredning, Det Nationale Center for Kunst &amp; Mental Sundhed, K\u00f8benhavn.<\/span><\/p><p><span style=\"font-weight: 400;\">2025<\/span> <span style=\"font-weight: 400;\">Momentum13 Biennalen, Moss, Norge<\/span><\/p><p><span style=\"font-weight: 400;\">2024<\/span> <span style=\"font-weight: 400;\">Restruktion,\u00a0 omsorg &amp; maskiner, Ringstedgalleriet, Ringsted.<\/span><\/p><p><span style=\"font-weight: 400;\">2023<\/span> <span style=\"font-weight: 400;\">Multitude &amp; Singularit\u00e9, La Bicolore, Paris, Frankrig.<\/span><\/p><p><span style=\"font-weight: 400;\">2023<\/span> <span style=\"font-weight: 400;\">Wer wir sind and werden k\u00f6nnten, Deutsches Hygiene-Museum, Dresden, Tyskland.<\/span><\/p><p><span style=\"font-weight: 400;\">2018<\/span> <span style=\"font-weight: 400;\">Feedback #2, Eigen+Art, Berlin, Tyskland.<\/span><\/p><p><span style=\"font-weight: 400;\">2017<\/span> <span style=\"font-weight: 400;\">Mind the Gut, Medical Museion, K\u00f8benhavn.<\/span><\/p><p><b>Udvalgte legater<\/b><\/p><p><span style=\"font-weight: 400;\">2024<\/span> <span style=\"font-weight: 400;\">Statens Kunstfonds tre\u00e5rigt arbejdslegat.<\/span><\/p><p><span style=\"font-weight: 400;\">2022, 2021, 2020, 2019, 2017, 2015, 2010, 2008 Statens Kunstfonds arbejdslegat.<\/span><\/p><p><span style=\"font-weight: 400;\">2025, 2024, 2021, 2017, 2014, 2013, 2011, 2010 Statens Kunstfond projektst\u00f8tte.<\/span><\/p><p><span style=\"font-weight: 400;\">2021 <\/span> <span style=\"font-weight: 400;\">Niels Wessel Bagges Kunstfond.<\/span><\/p><p><b>Residencies<\/b><\/p><p><span style=\"font-weight: 400;\">2015 <\/span> <span style=\"font-weight: 400;\">3331 Arts CYD, Tokyo, Japan.<\/span><\/p><p><span style=\"font-weight: 400;\">2011 <\/span> <span style=\"font-weight: 400;\">PiST, Istanbul, Tyrkiet.<\/span><\/p><p>\u00a0<\/p>\t\t\t\t\t\t\t\t<\/div>\n\t\t\t\t<\/div>\n\t\t\t\t\t<\/details>\n\t\t\t\t\t<\/div>\n\t\t\t\t\t\t<\/div>\n\t\t\t\t<\/div>\n\t\t\t\t<div class=\"elementor-element elementor-element-707fd70d elementor-widget__width-initial elementor-widget elementor-widget-image-carousel\" data-id=\"707fd70d\" data-element_type=\"widget\" data-e-type=\"widget\" data-settings=\"{&quot;slides_to_show&quot;:&quot;1&quot;,&quot;effect&quot;:&quot;fade&quot;,&quot;speed&quot;:1000,&quot;navigation&quot;:&quot;none&quot;,&quot;autoplay&quot;:&quot;yes&quot;,&quot;pause_on_hover&quot;:&quot;yes&quot;,&quot;pause_on_interaction&quot;:&quot;yes&quot;,&quot;autoplay_speed&quot;:5000,&quot;infinite&quot;:&quot;yes&quot;}\" data-widget_type=\"image-carousel.default\">\n\t\t\t\t\t\t\t<div class=\"elementor-image-carousel-wrapper swiper\" role=\"region\" aria-roledescription=\"carousel\" aria-label=\"Billedkarussel\" dir=\"rtl\">\n\t\t\t<div class=\"elementor-image-carousel swiper-wrapper\" aria-live=\"off\">\n\t\t\t\t\t\t\t\t<div class=\"swiper-slide\" role=\"group\" aria-roledescription=\"slide\" aria-label=\"1 of 3\"><figure class=\"swiper-slide-inner\"><img decoding=\"async\" class=\"swiper-slide-image\" src=\"https:\/\/vol2.arthitecture.art\/wp-content\/uploads\/2026\/04\/20250509_143841-scaled.png\" alt=\"20250509_143841\" \/><\/figure><\/div><div class=\"swiper-slide\" role=\"group\" aria-roledescription=\"slide\" aria-label=\"2 of 3\"><figure class=\"swiper-slide-inner\"><img decoding=\"async\" class=\"swiper-slide-image\" src=\"https:\/\/vol2.arthitecture.art\/wp-content\/uploads\/2026\/04\/20250514_165726.jpg\" alt=\"20250514_165726\" \/><\/figure><\/div><div class=\"swiper-slide\" role=\"group\" aria-roledescription=\"slide\" aria-label=\"3 of 3\"><figure class=\"swiper-slide-inner\"><img decoding=\"async\" class=\"swiper-slide-image\" src=\"https:\/\/vol2.arthitecture.art\/wp-content\/uploads\/2026\/04\/20250514_165621.jpg\" alt=\"20250514_165621\" \/><\/figure><\/div>\t\t\t<\/div>\n\t\t\t\t\t\t\t\n\t\t\t\t\t\t\t\t\t<\/div>\n\t\t\t\t\t\t<\/div>\n\t\t\t\t<\/div>\n\t\t\t\t\t<\/div>\n\t\t\t\t<\/div>\n\t\t\t\t<\/div>\n\t\t","protected":false},"excerpt":{"rendered":"<p>Mogens Jacobsen Mirapolis I installationen &#8220;Mirapolis&#8221; opl\u00f8ses skellet mellem beskuer og v\u00e6rk. P\u00e5 en dekonstrueret sk\u00e6rm vises en video af et genereret bybillede. Videoen reflekteres og brydes gennem semitransparente spejle, hvilket skaber et dynamisk samspil mellem lys og skygge, der udfordrer vores vante opfattelse af rum.\u00a0 G\u00e6sternes spejlbilleder flettes sammen med den kunstige arkitektur og [&hellip;]<\/p>\n","protected":false},"author":2,"featured_media":529,"comment_status":"closed","ping_status":"closed","sticky":false,"template":"","format":"standard","meta":{"_angie_page":false,"page_builder":"","footnotes":""},"categories":[1],"tags":[],"class_list":["post-33","post","type-post","status-publish","format-standard","has-post-thumbnail","hentry","category-uncategorized"],"_links":{"self":[{"href":"https:\/\/vol2.arthitecture.art\/index.php\/wp-json\/wp\/v2\/posts\/33","targetHints":{"allow":["GET"]}}],"collection":[{"href":"https:\/\/vol2.arthitecture.art\/index.php\/wp-json\/wp\/v2\/posts"}],"about":[{"href":"https:\/\/vol2.arthitecture.art\/index.php\/wp-json\/wp\/v2\/types\/post"}],"author":[{"embeddable":true,"href":"https:\/\/vol2.arthitecture.art\/index.php\/wp-json\/wp\/v2\/users\/2"}],"replies":[{"embeddable":true,"href":"https:\/\/vol2.arthitecture.art\/index.php\/wp-json\/wp\/v2\/comments?post=33"}],"version-history":[{"count":13,"href":"https:\/\/vol2.arthitecture.art\/index.php\/wp-json\/wp\/v2\/posts\/33\/revisions"}],"predecessor-version":[{"id":457,"href":"https:\/\/vol2.arthitecture.art\/index.php\/wp-json\/wp\/v2\/posts\/33\/revisions\/457"}],"wp:featuredmedia":[{"embeddable":true,"href":"https:\/\/vol2.arthitecture.art\/index.php\/wp-json\/wp\/v2\/media\/529"}],"wp:attachment":[{"href":"https:\/\/vol2.arthitecture.art\/index.php\/wp-json\/wp\/v2\/media?parent=33"}],"wp:term":[{"taxonomy":"category","embeddable":true,"href":"https:\/\/vol2.arthitecture.art\/index.php\/wp-json\/wp\/v2\/categories?post=33"},{"taxonomy":"post_tag","embeddable":true,"href":"https:\/\/vol2.arthitecture.art\/index.php\/wp-json\/wp\/v2\/tags?post=33"}],"curies":[{"name":"wp","href":"https:\/\/api.w.org\/{rel}","templated":true}]}}