{"id":39,"date":"2026-04-23T16:34:48","date_gmt":"2026-04-23T16:34:48","guid":{"rendered":"https:\/\/example.com\/christina-bredahl-duelund\/"},"modified":"2026-04-27T05:01:27","modified_gmt":"2026-04-27T05:01:27","slug":"christina-bredahl-duelund","status":"publish","type":"post","link":"https:\/\/vol2.arthitecture.art\/index.php\/2026\/04\/23\/christina-bredahl-duelund\/","title":{"rendered":"Christina Bredahl Duelund"},"content":{"rendered":"\t\t<div data-elementor-type=\"wp-post\" data-elementor-id=\"39\" class=\"elementor elementor-39\" data-elementor-post-type=\"post\">\n\t\t\t\t<div class=\"elementor-element elementor-element-243b1456 e-flex e-con-boxed e-con e-parent\" data-id=\"243b1456\" data-element_type=\"container\" data-e-type=\"container\">\n\t\t\t\t\t<div class=\"e-con-inner\">\n\t\t\t\t<div class=\"elementor-element elementor-element-67c39aab elementor-widget elementor-widget-image\" data-id=\"67c39aab\" data-element_type=\"widget\" data-e-type=\"widget\" data-widget_type=\"image.default\">\n\t\t\t\t\t\t\t\t\t\t\t\t\t\t\t<img fetchpriority=\"high\" decoding=\"async\" width=\"800\" height=\"347\" src=\"https:\/\/vol2.arthitecture.art\/wp-content\/uploads\/2026\/04\/Skaermbillede-2026-04-26-kl.-12.02.52-1024x444.png\" class=\"attachment-large size-large wp-image-349\" alt=\"\" srcset=\"https:\/\/vol2.arthitecture.art\/wp-content\/uploads\/2026\/04\/Skaermbillede-2026-04-26-kl.-12.02.52-1024x444.png 1024w, https:\/\/vol2.arthitecture.art\/wp-content\/uploads\/2026\/04\/Skaermbillede-2026-04-26-kl.-12.02.52-300x130.png 300w, https:\/\/vol2.arthitecture.art\/wp-content\/uploads\/2026\/04\/Skaermbillede-2026-04-26-kl.-12.02.52-768x333.png 768w, https:\/\/vol2.arthitecture.art\/wp-content\/uploads\/2026\/04\/Skaermbillede-2026-04-26-kl.-12.02.52-1536x667.png 1536w, https:\/\/vol2.arthitecture.art\/wp-content\/uploads\/2026\/04\/Skaermbillede-2026-04-26-kl.-12.02.52.png 1682w\" sizes=\"(max-width: 800px) 100vw, 800px\" \/>\t\t\t\t\t\t\t\t\t\t\t\t\t\t\t<\/div>\n\t\t\t\t\t<\/div>\n\t\t\t\t<\/div>\n\t\t<div class=\"elementor-element elementor-element-4f25354c e-flex e-con-boxed e-con e-parent\" data-id=\"4f25354c\" data-element_type=\"container\" data-e-type=\"container\" data-settings=\"{&quot;background_background&quot;:&quot;classic&quot;}\">\n\t\t\t\t\t<div class=\"e-con-inner\">\n\t\t<div class=\"elementor-element elementor-element-731b30cc e-con-full e-flex e-con e-child\" data-id=\"731b30cc\" data-element_type=\"container\" data-e-type=\"container\">\n\t\t<div class=\"elementor-element elementor-element-67980e28 e-con-full e-flex e-con e-child\" data-id=\"67980e28\" data-element_type=\"container\" data-e-type=\"container\">\n\t\t\t\t<div class=\"elementor-element elementor-element-3d844e0 elementor-widget elementor-widget-heading\" data-id=\"3d844e0\" data-element_type=\"widget\" data-e-type=\"widget\" data-widget_type=\"heading.default\">\n\t\t\t\t\t<h2 class=\"elementor-heading-title elementor-size-default\">Christina Bredahl Duelund\n\n<\/h2>\t\t\t\t<\/div>\n\t\t\t\t<div class=\"elementor-element elementor-element-3ad229db elementor-widget elementor-widget-text-editor\" data-id=\"3ad229db\" data-element_type=\"widget\" data-e-type=\"widget\" data-widget_type=\"text-editor.default\">\n\t\t\t\t\t\t\t\t\t<p><strong>Anna Borg<\/strong><\/p><p>Til\u00a0<em>ARThitecture<\/em>\u00a0pr\u00e6senterer jeg tre skulpturelle krukker med lyd, der har afs\u00e6t i arkitekturens negative rum. V\u00e6rkerne oms\u00e6tter bygningens hulrum, passager og pauser til autonome former, hvor tomhed fremst\u00e5r som en aktiv, sanselig og rumlig kvalitet, der inviterer beskueren til at erfare arkitekturen fra et andet perspektiv.<\/p><p>Fra krukkerne h\u00f8res hverdagslige lydsekvenser, som ligeledes refererer til afs\u00f8gningen af bygningens mellemrum. Disse lyde f\u00f8rer os rundt i arkitekturen gennem en flues f\u00e6rden.<\/p><p>I \u00e9n krukke h\u00f8res lyden af en flue, der desperat fors\u00f8ger at finde vej ud gennem et lukket vindue, som \u2013 da det stod \u00e5bent \u2013 fungerede som et mellemrum i muren, en t\u00e6rskel mellem det offentlige og det private. Vinduet fungerer her ikke som et arkitektonisk element, men som en rumlig mellemtilstand \u2013 en pause i muren og en imagin\u00e6r t\u00e6rskel mellem det private og det offentlige. Den gentagne summen spejler bygningens eget mellemrum: et sted, der b\u00e5de lover passage og fastholder modstand.<\/p><p>I en anden krukke h\u00f8res lyden af fluen, der flyver rundt nede i krukken og p\u00e5 den m\u00e5de, imagin\u00e6rt tegner rummet gennem den resonans, der opst\u00e5r, mens den fors\u00f8ger at orienterer sig.<\/p><p>I den sidste krukke h\u00f8res lyden af en flue, der summer i cirkler mod loftet.<\/p><p>Lydene fastholder \u00f8jeblikke af rumlig ambivalens, hvor bev\u00e6gelse og orientering midlertidigt oph\u00e6ves. Gennem samspillet mellem form og lyd synligg\u00f8r v\u00e6rkerne arkitekturens mellemrum som et erfaret felt, mellem oppe, nede, inde ude, lys og materie m\u00f8des.<\/p><p>Billedhugger \/ visuel kunstner<br \/>Christina Bredahl Duelund<\/p><p>\u00a0<\/p><p><em>Christina Bredahl Duelunds bidrag placerer sig fint i ARThitecture, fordi det b\u00e5de er skulpturelt, rumligt og sanseligt uden at blive illustrativt. Hun arbejder ikke med arkitektur som bygning alene, men med dens pauser, mellemtilstande og negative former. Dermed peger v\u00e6rket b\u00e5de ind i udstillingens interesse for rum og ind i de mere subtile gr\u00e6nseflader mellem skulptur, lyd, perception og arkitektonisk erfaring.<\/em><\/p>\t\t\t\t\t\t\t\t<\/div>\n\t\t\t\t<div class=\"elementor-element elementor-element-54dc608a elementor-widget elementor-widget-n-accordion\" data-id=\"54dc608a\" data-element_type=\"widget\" data-e-type=\"widget\" data-settings=\"{&quot;default_state&quot;:&quot;all_collapsed&quot;,&quot;max_items_expended&quot;:&quot;one&quot;,&quot;n_accordion_animation_duration&quot;:{&quot;unit&quot;:&quot;ms&quot;,&quot;size&quot;:400,&quot;sizes&quot;:[]}}\" data-widget_type=\"nested-accordion.default\">\n\t\t\t\t\t\t\t<div class=\"e-n-accordion\" aria-label=\"Accordion. Open links with Enter or Space, close with Escape, and navigate with Arrow Keys\">\n\t\t\t\t\t\t<details id=\"e-n-accordion-item-1420\" class=\"e-n-accordion-item\" >\n\t\t\t\t<summary class=\"e-n-accordion-item-title\" data-accordion-index=\"1\" tabindex=\"0\" aria-expanded=\"false\" aria-controls=\"e-n-accordion-item-1420\" >\n\t\t\t\t\t<span class='e-n-accordion-item-title-header'><div class=\"e-n-accordion-item-title-text\"> CV <\/div><\/span>\n\t\t\t\t\t\t\t<span class='e-n-accordion-item-title-icon'>\n\t\t\t<span class='e-opened' ><svg aria-hidden=\"true\" class=\"e-font-icon-svg e-far-arrow-alt-circle-down\" viewBox=\"0 0 512 512\" xmlns=\"http:\/\/www.w3.org\/2000\/svg\"><path d=\"M256 8C119 8 8 119 8 256s111 248 248 248 248-111 248-248S393 8 256 8zm0 448c-110.5 0-200-89.5-200-200S145.5 56 256 56s200 89.5 200 200-89.5 200-200 200zm-32-316v116h-67c-10.7 0-16 12.9-8.5 20.5l99 99c4.7 4.7 12.3 4.7 17 0l99-99c7.6-7.6 2.2-20.5-8.5-20.5h-67V140c0-6.6-5.4-12-12-12h-40c-6.6 0-12 5.4-12 12z\"><\/path><\/svg><\/span>\n\t\t\t<span class='e-closed'><svg aria-hidden=\"true\" class=\"e-font-icon-svg e-far-arrow-alt-circle-right\" viewBox=\"0 0 512 512\" xmlns=\"http:\/\/www.w3.org\/2000\/svg\"><path d=\"M504 256C504 119 393 8 256 8S8 119 8 256s111 248 248 248 248-111 248-248zm-448 0c0-110.5 89.5-200 200-200s200 89.5 200 200-89.5 200-200 200S56 366.5 56 256zm72 20v-40c0-6.6 5.4-12 12-12h116v-67c0-10.7 12.9-16 20.5-8.5l99 99c4.7 4.7 4.7 12.3 0 17l-99 99c-7.6 7.6-20.5 2.2-20.5-8.5v-67H140c-6.6 0-12-5.4-12-12z\"><\/path><\/svg><\/span>\n\t\t<\/span>\n\n\t\t\t\t\t\t<\/summary>\n\t\t\t\t<div role=\"region\" aria-labelledby=\"e-n-accordion-item-1420\" class=\"elementor-element elementor-element-17a8cc96 e-con-full e-flex e-con e-child\" data-id=\"17a8cc96\" data-element_type=\"container\" data-e-type=\"container\" data-settings=\"{&quot;background_background&quot;:&quot;classic&quot;}\">\n\t\t\t\t<div class=\"elementor-element elementor-element-2c192abc elementor-widget elementor-widget-text-editor\" data-id=\"2c192abc\" data-element_type=\"widget\" data-e-type=\"widget\" data-widget_type=\"text-editor.default\">\n\t\t\t\t\t\t\t\t\t<header id=\"masthead\" class=\"cf\" role=\"banner\"><div id=\"site-title\" class=\"clearfix\"><h1><span style=\"color: #ffffff;\">Christina Bredahl Duelund<\/span><\/h1><\/div><\/header><div id=\"main-wrap\"><div id=\"primary\" class=\"site-content cf\" role=\"main\"><article id=\"post-116\" class=\"post-116 page type-page status-publish hentry\"><div class=\"entry-content clearfix\"><p>\u00d8sterbrogade 25, 4.\u00a02100 K\u00f8benhavn \u00d8, Denmark<br \/>E-mail:\u00a0c@bredahlduelund.com<br \/>Cell: +45 53 700 799<br \/><a href=\"https:\/\/bredahlduelund.com\">bredahlduelund.com<\/a><\/p><\/div><\/article><\/div><\/div><p><strong>Education<br \/><\/strong>1994 \u2013 2000<br \/>The Royal Academy of Fine Arts.<br \/>1990<br \/>Holb\u00e6k Kunsth\u00f8jskole.<br \/>1985 \u2013 86<br \/>Drawing lessons, Glyptoteket.<\/p><p><strong>International Exhibitions<br \/><\/strong>2020<br \/>cph flip book nest, Bastard Artist Book Fair, online.<br \/>2019<br \/>cph flip book nest: \u201cThe Other Way Around\u201d, Bastard Artist Book Fair, Lillehammer, Norway.<br \/>2018<br \/>cph flip book nest: \u201cThe Traveller\u201d, BABF Bergen Kunsthall, Norway.<br \/>cph flip book nest: \u201cFuture Scenarios\u201d, Malm\u00f6 Konsthall, Sweden.<br \/>2016<br \/>\u201dSnip Snap Snude\u201d, Molekyl Galleri, Malm\u00f8, Sverige.<br \/>2015<br \/>\u201cArkitektoniske Kramper\u201d, Ovada, Oxford, England.<br \/>\u201cOverwhelmingly Ordinary: The neurosis of Everyday life\u201d, The Michaelis Galleries and Hiddingh Hall, Cape Town, South Africa.<br \/>2014<br \/>\u201cOverwhelmingly Ordinary: The neurosis of Everyday life\u201d, Museum B\u00e4rengasse, Zurich, Switzerland.<br \/>2013<br \/>\u201cStories\u201d, Flensburg, Germany.<br \/>\u201cInstrument\u201d Kulturm\u00f6llan, Sweden.<br \/>\u201cDet foldede rum\u201d \u00d6SKG Tj\u00f6rnedala Konsthall, Sweden.<br \/>2012<br \/>Workshop and exhibition, Galleri Krets, Malmo, Sweden.<br \/>\u201czwischenraum\u201d, Berlin, Germany.<br \/>2011<br \/>\u201cInnenwelten \u2013 Erinnerung \u2013 Nostalgie \u2013 Exotik\u201d, Museum Kunst der Westk\u00fcste, Germany.<br \/>\u201cAthens Video Art Festival\u201d, Technopolis, Athen, Grece.<br \/>2008<br \/>\u201cCopenhague en Cuenca\u201d, Cuenca, Spain.<br \/>2006<br \/>\u201cArkivudstillingen\u201d, Gallery Neon, Sweden.<br \/>2000<br \/>\u201cStrandv\u00e4gen 45\u201d, Landskrona, Sweden.<br \/>1999<br \/>\u201cStrandv\u00e4gen 45\u201d, Landskrona, Sweden.<br \/>\u201cDon\u00b4t Forget The Danish\u201d, The Tank, Belfast, Northern Ireland.<br \/>1996<br \/>\u201cDe valligia\u201d, an ongoing world travelling exhibition. Denmark, Hungary, Greece, Italy and Cuba.<\/p><p><strong>Public Commissions<br \/><\/strong>2023<br \/>Works for interior design for\u00a021-5 houses in USA and Europe.<br \/>2021<br \/>Works for interior deign for DOX online studios.<br \/>2017<br \/>\u201dGenklang\u201d Metro fence, Sortedamss\u00f8en, Copenhagen.<br \/>2014<br \/>\u201cHot spot plot \u2013 Sundholms bakker\u201d, The Fabric of Art and Design.<br \/>2013<br \/>Blood Bank, Hvidovre Hospital.<br \/>2010<br \/>Peder Lykke School \u2013 pupil cooperation.<br \/>2008<br \/>Amager F\u00e6lled School.<\/p><p><strong>Domestic exhibition<br \/><\/strong>2021<br \/>\u201cImellem to stole\u201d, Det Ny Kastet.<br \/>2020<br \/>Den digitale udstillingsplatform Art_ig.magazine.<br \/>2019<br \/>\u201cONE SIZE FITS ALL\u201d, Format Artspace.<br \/>Den digitale udstillingsplatform Art_ig.magazine.<br \/>cph flip book nest, BUTIKKEN Art &amp; Books.<br \/>2018<br \/>\u201cOne Size Fits All\u201d, Format Art Space.<br \/>\u201dcph flip book nest\u201d Pavillon no.11.<br \/>\u201dBlow\u201d Pavillon no.11.<br \/>2017<br \/>\u201dONE SIZE FITS ALL #2\u201d Format Artspace.<br \/>Kulturnatten, Videom\u00f8llen.<br \/>\u201dSkin\u201d, Personlig.<br \/>2016<br \/>\u201dONE SIZE FITS ALL\u201d, Format Artspace.<br \/>\u201dDimension\u201d, Rundet\u00e5rn.<br \/>\u201dSnip Snap Snude\u201d, Format Artspace.<br \/>\u201cDanske Grafikeres medlemsudstilling\u201d, Kunstcentret Silkeborg Bad.<br \/>2015<br \/>\u201cComposing Space\u201d, Gjethuset, Frederiksv\u00e6rk.<br \/>2014<br \/>\u201cTid og is\u201d, Thiemers Magasin.<br \/>\u201cOutstanding\u201d, Frederiksv\u00e6rk.<br \/>2013<br \/>\u201cS\u00e6rudstilling nr. 1\u201d, one day exhibition, Studiestr\u00e6de 31.<br \/>\u201cArt Copenhagen Forum\u201d, Gallery Format.<br \/>Opening exhibition, Gallery Format.<br \/>\u201cP\u00e5 godt og ondt\u201d, Danske Grafikere, SAK Svendborg.<br \/>Korridor no. 33.<br \/>2012<br \/>\u201cDet foldede rum\u201d, Danske Grafikere.<br \/>2011<br \/>\u201cSove her eller tage med hjem?\u201d, Rundetaarn.<br \/>\u201cOutstanding\u201d, Hundested.<br \/>\u201cBYOB\u201d, The Fabric of Art and Design.<br \/>2010<br \/>\u201cA pedibus usque ad caput\u201d (from toe to head), Rigshospitalet.<br \/>\u201cStuen til venstre\u201d, Traneudstillingen.<br \/>\u201cHul i H\u00e6kken\u201d, SAK.<br \/>2009<br \/>Senko Frame.<br \/>\u201cLangt ude!\u201d Frederiksv\u00e6rk Skov, Arres\u00f8dal Parken.<br \/>\u201cROOMMADE\/ROOMMATE\u201d, Gjethuset.<br \/>2008<br \/>\u201cBedre skulptur end aldrig\u201d, Portalen.<br \/>\u201cParallel Parkering\u201d, parking lots in Copenhagen City.<br \/>\u201cDen nye almindelighed\u201d, De Gamles By.<br \/>\u201cV\u00e6g til v\u00e6g \u2013 Rhythm And Poetry\u201d, Fyns Udstillingsbygning for Kunst og Design.<br \/>\u201cLuminat\u201d, \u00d8restad Nord.<br \/>2007<br \/>\u201cTil v\u00e6gs\u201d, Portalen.<br \/>\u201cHousewarming\u201d, Postmestervillaen Amager F\u00e6lledvej.<br \/>\u201cSkulpturklubben Kubik flader helt ud\u201d, Galleri Birthe Laursen.<br \/>\u201cRelief\u201d, Galleri \u03c0.<br \/>2006<br \/>\u201cThreshold\u201d, M\u00f8stings Hus.<br \/>alt-cph ved M\u00f8stings Hus og Lille Kunsthalle.<br \/>\u201cNy Duel\u201d, \u00c5rhus Kunstbygning.<br \/>2005<br \/>\u201cG\u00e6stfrihed\u201d , Platform 7 and Kubik, Den Frie Centre of Contemporary Art.<br \/>\u201cDuel\u201d, Kunsthal Charlottenborg.<br \/>\u201cCrossing Now\u201d, Masteskurene, Holmen.<br \/>2004<br \/>\u201cPlatform 7\u201d, \u00c5rhus Kunstbygning.<br \/>\u201cMind the Motion\u201d, Lyngby Kunstforening.<br \/>2003<br \/>\u201cPlatform7\u201d, Kunsthal Charlottenborg.<br \/>\u201cSommerudstilling\u201d, Gallerihuset.<br \/>\u201cSpring Exhibition\u201d, Kunsthal Charlottenborg.<br \/>2002<br \/>Kunstnernes Efter\u00e5rsudstilling, Den Frie Centre of Contemporary Art.<br \/>\u201cKunststofkunst 2002\u201d, Danmarks Tekniske Museum.<br \/>2000<br \/>\u201cExit 2000\u201d, Kunstforeningen Gl Strand.<br \/>1998<br \/>\u201cSpring Exhibition\u201d, Kunsthal Charlottenborg.<br \/>1996<br \/>\u201cBilleder gennem muren\u201d, Assistens Kirkeg\u00e5rd.<br \/>K\u00f8ge Skitsesamling (park of mazes).<br \/>1995<br \/>Billund Skulpturpark.<\/p><p><strong>Other Activities<br \/><\/strong>2023<br \/>Constituted censor at Det Kgl. Danske Kunstakademi.<br \/>2021-23<br \/>Teaching classic drawing at FOF.<br \/>2022<br \/>Head of \u00d8sterbro Billedskole.<br \/>Buster Award.<br \/>2021<br \/>CPH PIX Crystal Ball Award.<br \/>Buster Award.<br \/>Teaching at \u00d8sterbro Billedskole.<br \/>2020<br \/>CPH PIX Award.<br \/>Busters Award.<br \/>2019<br \/>Lancering af Art_ig.<br \/>Workshops at Nordkystens Kunsttrienale.<br \/>2018-20<br \/>Member of Konstn\u00e4rscentrum Syd, Sweden.<br \/>2018<br \/>Founder of cph flip book nest.<br \/>Teaching classic drawing at Esbjerg Kulturskole.<br \/>2015<br \/>Grosses Treffen.<br \/>2011\u201315<br \/>Chairman, board of Charlottenborg Fonden.<br \/>2005-17<br \/>The Royal Danish Academy of Fine Arts, member of the Society of Artists.<br \/>2013<br \/>Co-organizer Artist Talk, Joining Forces.<br \/>Workshop, kunstnernes kollektiv v\u00e6rksted, Malmo, Sweden.<br \/>2012<br \/>Workshop \u201cGlemte ting og sager\u201d, Trekl\u00f8veren, Hvidovre.<br \/>2009<br \/>Workshop \u201cTag plads\u201d, Peder Lykke School.<br \/>2008<br \/>Workshop \u201cPicture My World\u201d, Universidad De Castilla-La Mancha, Spain.<br \/>Co-organizer alt_cph.<br \/>2007<br \/>Jury member KE.<br \/>Co-organizer alt_cph, Copenhagen Alternative Art Fair.<br \/>Consultant \u201cThe new Art Fabric\u201d, Horsens Statsf\u00e6ngsel cooperation with Freja.<br \/>2006<br \/>Jury member KE.<br \/>Co-organizer alt_cph<br \/>2005<br \/>Jury member Artville.<br \/>Illustrations Danish Red Cross diversity project.<br \/>2004-05<br \/>Jury member Spring Exhibition, Kunsthal Charlottenborg.<br \/>Jury member Artville.<br \/>Cofounding the sculptor group \u201cKubik\u201d.<br \/>2003<br \/>Assistent to Viera Collaro \u201dLevitation\u201d, Overgaden.<br \/>2001<br \/>Cofounding the sculptor group \u201cPlatform 7\u201d.<br \/>Member of BKF.<br \/>1999<br \/>Cofounding the artist association \u201cStrandv\u00e4gen 45\u201d.<br \/>Assistent to Richard Winther \u201cHvid\u201d p\u00e5 Kunsthal Charlottenborg.<\/p><p><strong>Awards<br \/><\/strong>2008<br \/>Awarded by Statens Kunstfond.<br \/>2005<br \/>Awarded by Akademiraadets Pr\u00e6miefond.<br \/>2005<br \/>Awarded by Statens Kunstfond.<br \/>2003<br \/>Awarded by Statens Kunstfond.<\/p><p><strong>Scholarships and Grants<br \/><\/strong>2011<br \/>Konsul George Jorck og Hustru Emma Jorcks Fond<br \/>2010<br \/>K\u00f8benhavns Kommunes Billedkunstudvalg.<br \/>Statens Kunstfond work grant.<br \/>2009<br \/>Statens Kunstfond work grant.<br \/>2008<br \/>Odense Kommunes Kulturudvalg.<br \/>2007<br \/>Nordea Danmark Fonden.<br \/>2006<br \/>Statens Kunstfond work grant.<br \/>2004<br \/>Ulla og Mogens Folmer Andersens fond, Travel Grant for Japan.<br \/>2001<br \/>Statens Kunstfonds the 2-year starting scholarship.<br \/>Kunsthandler Richard Wilstrup og hustru Franciska f\u00f8dt Jensen\u2019s Legat.<br \/>K\u00f8benhavns Kommunes Kultur- og Fritidsforvaltning \u201cde K\u00f8benhavnske Uddannelseslegater\u201d.<\/p><p><strong>Production support<br \/><\/strong>2003, 04, 05, 06, 08, 10, 11, 12, 13, 15, 17, 20<br \/>Statens Kunstfonds Projektst\u00f8tteudvalg for Billedkunst.<br \/>2007, 12<br \/>Statens Kunstr\u00e5d, Det Internationale Billedkunstudvalg.<\/p><p><strong>Support received in group context<br \/><\/strong>\u00d8bro Tr\u00e6.<br \/>KTS Herlev.<br \/>Ny Carlsbergfondets Jubil\u00e6umsfonds tilskud til studierejser.<br \/>Nykredit.<br \/>BG Fonden.<br \/>Den Ingwerske Fond.<br \/>K\u00f8benhavns Kommunes Billedkunstudvalg.<\/p>\t\t\t\t\t\t\t\t<\/div>\n\t\t\t\t<\/div>\n\t\t\t\t\t<\/details>\n\t\t\t\t\t<\/div>\n\t\t\t\t\t\t<\/div>\n\t\t\t\t<\/div>\n\t\t\t\t<div class=\"elementor-element elementor-element-26a21c35 elementor-widget__width-initial elementor-arrows-position-inside elementor-pagination-position-outside elementor-widget elementor-widget-image-carousel\" data-id=\"26a21c35\" data-element_type=\"widget\" data-e-type=\"widget\" data-settings=\"{&quot;slides_to_show&quot;:&quot;1&quot;,&quot;effect&quot;:&quot;fade&quot;,&quot;speed&quot;:1000,&quot;navigation&quot;:&quot;both&quot;,&quot;autoplay&quot;:&quot;yes&quot;,&quot;pause_on_hover&quot;:&quot;yes&quot;,&quot;pause_on_interaction&quot;:&quot;yes&quot;,&quot;autoplay_speed&quot;:5000,&quot;infinite&quot;:&quot;yes&quot;}\" data-widget_type=\"image-carousel.default\">\n\t\t\t\t\t\t\t<div class=\"elementor-image-carousel-wrapper swiper\" role=\"region\" aria-roledescription=\"carousel\" aria-label=\"Billedkarussel\" dir=\"rtl\">\n\t\t\t<div class=\"elementor-image-carousel swiper-wrapper\" aria-live=\"off\">\n\t\t\t\t\t\t\t\t<div class=\"swiper-slide\" role=\"group\" aria-roledescription=\"slide\" aria-label=\"1 of 1\"><figure class=\"swiper-slide-inner\"><img decoding=\"async\" class=\"swiper-slide-image\" src=\"https:\/\/vol2.arthitecture.art\/wp-content\/uploads\/2026\/04\/Skitse-Christina-Bredahl-Duelund-1024x724.jpeg\" alt=\"Skitse Christina Bredahl Duelund\" \/><\/figure><\/div>\t\t\t<\/div>\n\t\t\t\t\t<\/div>\n\t\t\t\t\t\t<\/div>\n\t\t\t\t<\/div>\n\t\t\t\t\t<\/div>\n\t\t\t\t<\/div>\n\t\t\t\t<\/div>\n\t\t","protected":false},"excerpt":{"rendered":"<p>Christina Bredahl Duelund Anna Borg Til\u00a0ARThitecture\u00a0pr\u00e6senterer jeg tre skulpturelle krukker med lyd, der har afs\u00e6t i arkitekturens negative rum. V\u00e6rkerne oms\u00e6tter bygningens hulrum, passager og pauser til autonome former, hvor tomhed fremst\u00e5r som en aktiv, sanselig og rumlig kvalitet, der inviterer beskueren til at erfare arkitekturen fra et andet perspektiv. Fra krukkerne h\u00f8res hverdagslige lydsekvenser, [&hellip;]<\/p>\n","protected":false},"author":2,"featured_media":350,"comment_status":"closed","ping_status":"closed","sticky":false,"template":"","format":"standard","meta":{"_angie_page":false,"page_builder":"","footnotes":""},"categories":[1],"tags":[],"class_list":["post-39","post","type-post","status-publish","format-standard","has-post-thumbnail","hentry","category-uncategorized"],"_links":{"self":[{"href":"https:\/\/vol2.arthitecture.art\/index.php\/wp-json\/wp\/v2\/posts\/39","targetHints":{"allow":["GET"]}}],"collection":[{"href":"https:\/\/vol2.arthitecture.art\/index.php\/wp-json\/wp\/v2\/posts"}],"about":[{"href":"https:\/\/vol2.arthitecture.art\/index.php\/wp-json\/wp\/v2\/types\/post"}],"author":[{"embeddable":true,"href":"https:\/\/vol2.arthitecture.art\/index.php\/wp-json\/wp\/v2\/users\/2"}],"replies":[{"embeddable":true,"href":"https:\/\/vol2.arthitecture.art\/index.php\/wp-json\/wp\/v2\/comments?post=39"}],"version-history":[{"count":16,"href":"https:\/\/vol2.arthitecture.art\/index.php\/wp-json\/wp\/v2\/posts\/39\/revisions"}],"predecessor-version":[{"id":394,"href":"https:\/\/vol2.arthitecture.art\/index.php\/wp-json\/wp\/v2\/posts\/39\/revisions\/394"}],"wp:featuredmedia":[{"embeddable":true,"href":"https:\/\/vol2.arthitecture.art\/index.php\/wp-json\/wp\/v2\/media\/350"}],"wp:attachment":[{"href":"https:\/\/vol2.arthitecture.art\/index.php\/wp-json\/wp\/v2\/media?parent=39"}],"wp:term":[{"taxonomy":"category","embeddable":true,"href":"https:\/\/vol2.arthitecture.art\/index.php\/wp-json\/wp\/v2\/categories?post=39"},{"taxonomy":"post_tag","embeddable":true,"href":"https:\/\/vol2.arthitecture.art\/index.php\/wp-json\/wp\/v2\/tags?post=39"}],"curies":[{"name":"wp","href":"https:\/\/api.w.org\/{rel}","templated":true}]}}